{"id":1094,"date":"2014-08-30T16:01:13","date_gmt":"2014-08-30T16:01:13","guid":{"rendered":"http:\/\/www.dearitaly.com\/turin\/?p=1094"},"modified":"2014-08-31T09:39:25","modified_gmt":"2014-08-31T09:39:25","slug":"le-maschere-piazza-san-carlo","status":"publish","type":"post","link":"http:\/\/www.dearitaly.com\/piemonte\/torino-citta\/cosa-visitare-a-torino\/le-maschere-piazza-san-carlo\/","title":{"rendered":"Le maschere in Piazza San Carlo"},"content":{"rendered":"<div class=\"entry-content\" itemprop=\"text\">\n<p><a href=\"http:\/\/www.dearitaly.com\/piemonte\/wp-content\/uploads\/sites\/3\/2014\/08\/maschere-visione-palazzo.jpg\"><img loading=\"lazy\" class=\"alignnone size-full wp-image-1113\" src=\"http:\/\/www.dearitaly.com\/piemonte\/wp-content\/uploads\/sites\/3\/2014\/08\/maschere-visione-palazzo.jpg\" alt=\"maschere-visione-palazzo\" width=\"960\" height=\"540\" srcset=\"http:\/\/www.dearitaly.com\/piemonte\/wp-content\/uploads\/sites\/3\/2014\/08\/maschere-visione-palazzo.jpg 960w, http:\/\/www.dearitaly.com\/piemonte\/wp-content\/uploads\/sites\/3\/2014\/08\/maschere-visione-palazzo-300x168.jpg 300w, http:\/\/www.dearitaly.com\/piemonte\/wp-content\/uploads\/sites\/3\/2014\/08\/maschere-visione-palazzo-700x393.jpg 700w, http:\/\/www.dearitaly.com\/piemonte\/wp-content\/uploads\/sites\/3\/2014\/08\/maschere-visione-palazzo-332x186.jpg 332w\" sizes=\"(max-width: 960px) 100vw, 960px\" \/><\/a><\/p>\n<p>Ecco le maschere che adornano i muri dei palazzi di Piazza San Carlo nel centro di Torino.<br \/>\nQuesti altorilievi sono stati cesellati a met\u00e0 del 1600, un\u2019idea dell\u2019architetto Carlo di Castellamonte, che ha anche disegnato uno dei palazzi della piazza.<br \/>\nDopo l\u2019ultimo restauro del 2001, se si presta attenzione si nota che il colore \u00e8 cangiante in base all\u2019ora del gliorno.<\/p>\n<div id='gallery-1' class='gallery galleryid-1094 gallery-columns-3 gallery-size-thumbnail'><figure class='gallery-item'>\n\t\t\t<div class='gallery-icon landscape'>\n\t\t\t\t<a href='http:\/\/www.dearitaly.com\/piemonte\/wp-content\/uploads\/sites\/3\/2014\/08\/maschere3.jpg'><img width=\"150\" height=\"150\" src=\"http:\/\/www.dearitaly.com\/piemonte\/wp-content\/uploads\/sites\/3\/2014\/08\/maschere3-150x150.jpg\" class=\"attachment-thumbnail size-thumbnail\" alt=\"\" loading=\"lazy\" srcset=\"http:\/\/www.dearitaly.com\/piemonte\/wp-content\/uploads\/sites\/3\/2014\/08\/maschere3-150x150.jpg 150w, http:\/\/www.dearitaly.com\/piemonte\/wp-content\/uploads\/sites\/3\/2014\/08\/maschere3-268x268.jpg 268w\" sizes=\"(max-width: 150px) 100vw, 150px\" \/><\/a>\n\t\t\t<\/div><\/figure><figure class='gallery-item'>\n\t\t\t<div class='gallery-icon landscape'>\n\t\t\t\t<a href='http:\/\/www.dearitaly.com\/piemonte\/wp-content\/uploads\/sites\/3\/2014\/08\/maschere2.jpg'><img width=\"150\" height=\"150\" src=\"http:\/\/www.dearitaly.com\/piemonte\/wp-content\/uploads\/sites\/3\/2014\/08\/maschere2-150x150.jpg\" class=\"attachment-thumbnail size-thumbnail\" alt=\"\" loading=\"lazy\" srcset=\"http:\/\/www.dearitaly.com\/piemonte\/wp-content\/uploads\/sites\/3\/2014\/08\/maschere2-150x150.jpg 150w, http:\/\/www.dearitaly.com\/piemonte\/wp-content\/uploads\/sites\/3\/2014\/08\/maschere2-432x432.jpg 432w, http:\/\/www.dearitaly.com\/piemonte\/wp-content\/uploads\/sites\/3\/2014\/08\/maschere2-268x268.jpg 268w\" sizes=\"(max-width: 150px) 100vw, 150px\" \/><\/a>\n\t\t\t<\/div><\/figure><figure class='gallery-item'>\n\t\t\t<div class='gallery-icon landscape'>\n\t\t\t\t<a href='http:\/\/www.dearitaly.com\/piemonte\/wp-content\/uploads\/sites\/3\/2014\/08\/maschere.jpg'><img width=\"150\" height=\"150\" src=\"http:\/\/www.dearitaly.com\/piemonte\/wp-content\/uploads\/sites\/3\/2014\/08\/maschere-150x150.jpg\" class=\"attachment-thumbnail size-thumbnail\" alt=\"\" loading=\"lazy\" srcset=\"http:\/\/www.dearitaly.com\/piemonte\/wp-content\/uploads\/sites\/3\/2014\/08\/maschere-150x150.jpg 150w, http:\/\/www.dearitaly.com\/piemonte\/wp-content\/uploads\/sites\/3\/2014\/08\/maschere-268x268.jpg 268w\" sizes=\"(max-width: 150px) 100vw, 150px\" \/><\/a>\n\t\t\t<\/div><\/figure>\n\t\t<\/div>\n\n\n<div class=\"sharedaddy sd-sharing-enabled\"><div class=\"robots-nocontent sd-block sd-social sd-social-icon-text sd-sharing\"><h3 class=\"sd-title\">Condividi:<\/h3><div class=\"sd-content\"><ul><li class=\"share-email\"><a rel=\"nofollow noopener noreferrer\" data-shared=\"\" class=\"share-email sd-button share-icon\" href=\"http:\/\/www.dearitaly.com\/piemonte\/torino-citta\/cosa-visitare-a-torino\/le-maschere-piazza-san-carlo\/?share=email\" target=\"_blank\" title=\"Fai clic qui per inviare l'articolo via mail ad un amico\"><span>E-mail<\/span><\/a><\/li><li class=\"share-print\"><a rel=\"nofollow noopener noreferrer\" data-shared=\"\" class=\"share-print sd-button share-icon\" href=\"http:\/\/www.dearitaly.com\/piemonte\/torino-citta\/cosa-visitare-a-torino\/le-maschere-piazza-san-carlo\/\" target=\"_blank\" title=\"Fai clic qui per stampare\"><span>Stampa<\/span><\/a><\/li><li class=\"share-facebook\"><a rel=\"nofollow noopener noreferrer\" data-shared=\"sharing-facebook-1094\" class=\"share-facebook sd-button share-icon\" href=\"http:\/\/www.dearitaly.com\/piemonte\/torino-citta\/cosa-visitare-a-torino\/le-maschere-piazza-san-carlo\/?share=facebook\" target=\"_blank\" title=\"Fai clic per condividere su Facebook\"><span>Facebook<\/span><\/a><\/li><li class=\"share-twitter\"><a rel=\"nofollow noopener noreferrer\" data-shared=\"sharing-twitter-1094\" class=\"share-twitter sd-button share-icon\" href=\"http:\/\/www.dearitaly.com\/piemonte\/torino-citta\/cosa-visitare-a-torino\/le-maschere-piazza-san-carlo\/?share=twitter\" target=\"_blank\" title=\"Fai clic qui per condividere su Twitter\"><span>Twitter<\/span><\/a><\/li><li class=\"share-linkedin\"><a rel=\"nofollow noopener noreferrer\" data-shared=\"sharing-linkedin-1094\" class=\"share-linkedin sd-button share-icon\" href=\"http:\/\/www.dearitaly.com\/piemonte\/torino-citta\/cosa-visitare-a-torino\/le-maschere-piazza-san-carlo\/?share=linkedin\" target=\"_blank\" title=\"Fai clic qui per condividere su LinkedIn\"><span>LinkedIn<\/span><\/a><\/li><li class=\"share-end\"><\/li><\/ul><\/div><\/div><\/div>\n<\/div>\n","protected":false},"excerpt":{"rendered":"<div class=\"entry-summary\" itemprop=\"text\">\n<p>Ecco le maschere che adornano i muri dei palazzi di Piazza San Carlo nel centro di Torino. Questi altorilievi sono stati cesellati a met\u00e0 del 1600, un\u2019idea dell\u2019architetto Carlo di Castellamonte, che ha anche disegnato uno dei palazzi della piazza. Dopo l\u2019ultimo restauro del 2001, se si presta attenzione si nota che il colore \u00e8 &#8230;<\/p>\n\n<\/div>\n","protected":false},"author":1,"featured_media":1113,"comment_status":"open","ping_status":"closed","sticky":false,"template":"","format":"standard","meta":{"spay_email":"","jetpack_publicize_message":"","jetpack_is_tweetstorm":false},"categories":[9],"tags":[18,10,31,5],"jetpack_featured_media_url":"http:\/\/www.dearitaly.com\/piemonte\/wp-content\/uploads\/sites\/3\/2014\/08\/maschere-visione-palazzo.jpg","jetpack_publicize_connections":[],"jetpack_sharing_enabled":true,"jetpack_shortlink":"https:\/\/wp.me\/p5cFcK-hE","jetpack-related-posts":[{"id":345,"url":"http:\/\/www.dearitaly.com\/piemonte\/torino-citta\/cosa-visitare-a-torino\/piazza-san-carlo-torino\/","url_meta":{"origin":1094,"position":0},"title":"Piazza San Carlo: la pi\u00f9 bella piazza di Torino","date":"25 novembre 2014","format":false,"excerpt":"La pi\u00f9 bella piazza di Torino che conserva l'aspetto seicentesco di armoniosa uniformit\u00e0 conferitole dall'architetto regio Carlo di Castellamonte (1642-1650). Al centro si erge il monumento equestre di Emanuele Filiberto, rappresentato da Carlo Marocchetti (1838) nell'atto di ringuainare la spada dopo la battaglia di San Quintino del 1557, una delle\u2026","rel":"","context":"In &quot;Cosa visitare a Torino&quot;","img":{"alt_text":"","src":"https:\/\/i0.wp.com\/www.dearitaly.com\/piemonte\/wp-content\/uploads\/sites\/3\/2012\/11\/piazza-san-carlo-torino.jpg?resize=350%2C200","width":350,"height":200},"classes":[]},{"id":1221,"url":"http:\/\/www.dearitaly.com\/piemonte\/torino-citta\/visitare-torino-in-tram\/","url_meta":{"origin":1094,"position":1},"title":"Visitare Torino in tram","date":"1 ottobre 2014","format":false,"excerpt":"Nel centro di Torino su alcune linee del trasporto urbano, circolano ancora vecchi tram tradizionali, che possono essere utilizzati come normali mezzi di trasporto, quindi senza alcun sovra-prezzo. E\u2019 un modo comodo e originale per fare un giro tra i palazzi storici del centro di Torino; potrebbe essere una buona\u2026","rel":"","context":"In &quot;Torino&quot;","img":{"alt_text":"","src":"https:\/\/i2.wp.com\/www.dearitaly.com\/piemonte\/wp-content\/uploads\/sites\/3\/2014\/10\/tram-7.jpg?resize=350%2C200","width":350,"height":200},"classes":[]},{"id":662,"url":"http:\/\/www.dearitaly.com\/piemonte\/torino-citta\/cosa-visitare-a-torino\/piazza-castello\/","url_meta":{"origin":1094,"position":2},"title":"Piazza Castello: nel cuore di Torino","date":"16 gennaio 2015","format":false,"excerpt":"La storia della piazza comincia nella seconda met\u00e0 del trecento, quando i principi di Savoia-Acaia decidono di demolire gli isolati adiacenti al castello e le mura della citt\u00e0, creando un'area di rappresentanza usata per eventi dinastici. Tale spazio diventa \"piazza\" solo a partire dalla fine del XVI secolo, grazie agli\u2026","rel":"","context":"In &quot;Cosa visitare a Torino&quot;","img":{"alt_text":"","src":"https:\/\/i2.wp.com\/www.dearitaly.com\/piemonte\/wp-content\/uploads\/sites\/3\/2013\/01\/Piazza-Castello.jpg?resize=350%2C200","width":350,"height":200},"classes":[]},{"id":970,"url":"http:\/\/www.dearitaly.com\/piemonte\/torino-citta\/cosa-visitare-a-torino\/leggendari-portici-di-torino\/","url_meta":{"origin":1094,"position":3},"title":"I leggendari portici di Torino","date":"5 aprile 2014","format":false,"excerpt":"\u00a0 Se visiti Torino non puoi\u00a0perderti una lunga passeggiata sotto i suoi leggendari portici monumentali. Il centro di Torino dispone di 18 chilometri di portici, di cui 12,5 sono anche interconnessi: \u00e8 la citt\u00e0 con la pi\u00f9 ampia zona pedonale di tutta Europa. Pare che il re\u00a0Vittorio Emanuele I di\u2026","rel":"","context":"In &quot;Cosa visitare a Torino&quot;","img":{"alt_text":"","src":"https:\/\/i2.wp.com\/www.dearitaly.com\/piemonte\/wp-content\/uploads\/sites\/3\/2014\/04\/portici-via-roma.jpg?resize=350%2C200","width":350,"height":200},"classes":[]},{"id":927,"url":"http:\/\/www.dearitaly.com\/piemonte\/torino-citta\/dove-soggiornare-a-torino\/pacifico-studio-torino\/","url_meta":{"origin":1094,"position":4},"title":"Pacifico Turin studio","date":"16 dicembre 2014","format":false,"excerpt":"\u00a0 Descrizione generale Pacifico \u00e8 un ampio\u00a0monolocale di recente ristrutturazione,\u00a0finemente arredato, situato in centro a Torino a due passi dalla fermata della metropolitana (Vinzaglio) e\u00a0la stazione di Porta Susa si raggiunge in 5 minuti a piedi. Collocato all'ultimo piano di uno stabile di inizio\u00a0'900 con ascensore al piano, consiste in\u00a030\u2026","rel":"","context":"In &quot;Dove soggiornare a Torino&quot;","img":{"alt_text":"","src":"https:\/\/i0.wp.com\/www.dearitaly.com\/piemonte\/wp-content\/uploads\/sites\/3\/2014\/08\/entrance.jpg?resize=350%2C200","width":350,"height":200},"classes":[]},{"id":1202,"url":"http:\/\/www.dearitaly.com\/piemonte\/torino-citta\/cosa-visitare-a-torino\/santuario-consolata\/","url_meta":{"origin":1094,"position":5},"title":"Il Santuario della Consolata","date":"2 settembre 2014","format":false,"excerpt":"Il Santuario si trova nella omonima piazza della Consolata e rappresenta il vero cuore spirituale di Torino. Amatissima da tutta la citt\u00e0, la Madonna della Consolata ha una storia straordinaria, anche se purtroppo manca la documentazione relativa ai primi secoli. Piazza della Consolata era gi\u00e0 inclusa nel primissimo nucleo della\u2026","rel":"","context":"In &quot;Cosa visitare a Torino&quot;","img":{"alt_text":"","src":"https:\/\/i2.wp.com\/www.dearitaly.com\/piemonte\/wp-content\/uploads\/sites\/3\/2014\/10\/Sanctuary-Consolata.jpg?resize=350%2C200","width":350,"height":200},"classes":[]}],"_links":{"self":[{"href":"http:\/\/www.dearitaly.com\/piemonte\/wp-json\/wp\/v2\/posts\/1094"}],"collection":[{"href":"http:\/\/www.dearitaly.com\/piemonte\/wp-json\/wp\/v2\/posts"}],"about":[{"href":"http:\/\/www.dearitaly.com\/piemonte\/wp-json\/wp\/v2\/types\/post"}],"author":[{"embeddable":true,"href":"http:\/\/www.dearitaly.com\/piemonte\/wp-json\/wp\/v2\/users\/1"}],"replies":[{"embeddable":true,"href":"http:\/\/www.dearitaly.com\/piemonte\/wp-json\/wp\/v2\/comments?post=1094"}],"version-history":[{"count":3,"href":"http:\/\/www.dearitaly.com\/piemonte\/wp-json\/wp\/v2\/posts\/1094\/revisions"}],"predecessor-version":[{"id":1117,"href":"http:\/\/www.dearitaly.com\/piemonte\/wp-json\/wp\/v2\/posts\/1094\/revisions\/1117"}],"wp:featuredmedia":[{"embeddable":true,"href":"http:\/\/www.dearitaly.com\/piemonte\/wp-json\/wp\/v2\/media\/1113"}],"wp:attachment":[{"href":"http:\/\/www.dearitaly.com\/piemonte\/wp-json\/wp\/v2\/media?parent=1094"}],"wp:term":[{"taxonomy":"category","embeddable":true,"href":"http:\/\/www.dearitaly.com\/piemonte\/wp-json\/wp\/v2\/categories?post=1094"},{"taxonomy":"post_tag","embeddable":true,"href":"http:\/\/www.dearitaly.com\/piemonte\/wp-json\/wp\/v2\/tags?post=1094"}],"curies":[{"name":"wp","href":"https:\/\/api.w.org\/{rel}","templated":true}]}}